{"id":215,"date":"2025-05-14T13:51:23","date_gmt":"2025-05-14T13:51:23","guid":{"rendered":"https:\/\/karobrand.com\/?p=215"},"modified":"2025-06-23T16:34:39","modified_gmt":"2025-06-23T16:34:39","slug":"bariloche-en-invierno-por-que-alquilar-un-auto-te-cambia-el-viaje","status":"publish","type":"post","link":"https:\/\/modenapatagonia.com\/en\/bariloche-en-invierno-por-que-alquilar-un-auto-te-cambia-el-viaje\/","title":{"rendered":"Bariloche en Invierno: Por Qu\u00e9 Alquilar un Auto te Cambia el Viaje"},"content":{"rendered":"<p>Bariloche en invierno es un destino m\u00e1gico. Sus monta\u00f1as cubiertas de nieve, sus lagos serenos y sus bosques nevados convierten la ciudad en uno de los lugares m\u00e1s elegidos para disfrutar de la temporada fr\u00eda. Ya sea que viajes para esquiar, para hacer caminatas con raquetas o simplemente para disfrutar de la gastronom\u00eda patag\u00f3nica, alquilar un auto en Bariloche transforma tu experiencia por completo.<\/p>\n\n\n\n<p>En Modena Patagonia, ofrecemos veh\u00edculos preparados para las condiciones invernales de la regi\u00f3n, desde autos compactos hasta SUVs 4&#215;4 con opci\u00f3n de cadenas para nieve, para que vivas el invierno con libertad y seguridad.<\/p>\n\n\n\n<h3 class=\"wp-block-heading\"><strong>Libertad para moverte cuando y donde quieras<\/strong><\/h3>\n\n\n\n<p>Moverte en auto durante el invierno tiene m\u00faltiples ventajas. En primer lugar, te permite evitar depender de transfers o servicios de transporte que, durante los meses fr\u00edos, pueden sufrir demoras por nieve o hielo en la calzada.<\/p>\n\n\n\n<p>Pod\u00e9s salir temprano a disfrutar del Cerro Catedral, hacer una escapada al Cerro Otto, o incluso visitar Colonia Suiza para comer un curanto caliente sin preocuparte por c\u00f3mo volver. Con tu propio veh\u00edculo, decid\u00eds cu\u00e1ndo ir y cu\u00e1ndo volver, sin horarios fijos.<\/p>\n\n\n\n<p>Adem\u00e1s, si quer\u00e9s explorar m\u00e1s all\u00e1, pod\u00e9s aprovechar para recorrer la Ruta de los 7 Lagos o planear un d\u00eda completo en Villa La Angostura, disfrutando del viaje esc\u00e9nico y del confort del auto.<\/p>\n\n\n\n<hr class=\"wp-block-separator has-alpha-channel-opacity\"\/>\n\n\n\n<h3 class=\"wp-block-heading\"><strong>Seguridad ante condiciones clim\u00e1ticas cambiantes<\/strong><\/h3>\n\n\n\n<p>Con el invierno vienen las <strong>heladas, nevadas y rutas resbaladizas<\/strong>. Por eso, es clave elegir un auto preparado para estas condiciones. En Modena Patagonia, te ofrecemos opciones como:<\/p>\n\n\n\n<ul class=\"wp-block-list\">\n<li><strong><a>SUVs 4&#215;2<\/a><\/strong> con mayor estabilidad y tracci\u00f3n.<br><\/li>\n\n\n\n<li><strong><a>SUVs 4&#215;4<\/a><\/strong> para zonas con nieve acumulada o rutas de monta\u00f1a.<br><\/li>\n\n\n\n<li><strong><a>Pick-ups 4&#215;4<\/a><\/strong> si viaj\u00e1s con equipos o necesit\u00e1s cruzar caminos de ripio complicados.<\/li>\n<\/ul>\n\n\n\n<p>Adem\u00e1s, pod\u00e9s sumar <strong>cadenas para nieve<\/strong> como adicional, lo cual es obligatorio en varios tramos durante nevadas intensas.<\/p>\n\n\n\n<h3 class=\"wp-block-heading\"><strong><strong>\u00bfA d\u00f3nde ir con auto en invierno?<\/strong><\/strong><\/h3>\n\n\n\n<p>Con un auto alquilado pod\u00e9s armar un itinerario propio y combinar paisajes con actividades invernales. Algunas ideas:<\/p>\n\n\n\n<p><strong>Cerro Catedral<\/strong>: esqu\u00ed, snowboard, trineos, gastronom\u00eda de monta\u00f1a.<\/p>\n\n\n\n<p><strong>Lago Guti\u00e9rrez y Cascada de los Duendes<\/strong>: ideales para una caminata suave y vistas invernales.<\/p>\n\n\n\n<p><strong>Circuito Chico<\/strong>: recorrido panor\u00e1mico para sacar fotos, con paradas en el Hotel Llao Llao, Punto Panor\u00e1mico y Bah\u00eda L\u00f3pez.<\/p>\n\n\n\n<p><strong>Colonia Suiza<\/strong>: comida t\u00edpica y caminatas con raquetas.<\/p>\n\n\n\n<p><strong>Villa La Angostura<\/strong>: un paseo de d\u00eda completo con paisajes \u00fanicos y el Cerro Bayo como opci\u00f3n para deportes de nieve.<\/p>\n\n\n\n<h3 class=\"wp-block-heading\"><strong><strong>Prepar\u00e1 tu viaje con Modena Patagonia<\/strong><\/strong><\/h3>\n\n\n\n<p>En Modena Patagonia, nos especializamos en alquileres de autos en destinos patag\u00f3nicos. Nuestra flota est\u00e1 preparada para el invierno y contamos con <strong>asistencia en ruta 24\/7<\/strong>, <strong>seguros incluidos<\/strong> y <strong>10% de descuento en reservas online<\/strong>.<\/p>\n\n\n\n<p><strong>Reserv\u00e1 tu auto ahora<\/strong> y viv\u00ed el invierno en Bariloche con total libertad, confort y seguridad.<\/p>","protected":false},"excerpt":{"rendered":"<p>Bariloche en invierno es un destino m\u00e1gico. Sus monta\u00f1as cubiertas de nieve, sus lagos serenos y sus bosques nevados convierten la ciudad en uno de los lugares m\u00e1s elegidos para disfrutar de la temporada fr\u00eda. Ya sea que viajes para esquiar, para hacer caminatas con raquetas o simplemente para disfrutar de la gastronom\u00eda patag\u00f3nica, alquilar un auto en Bariloche transforma tu experiencia por completo.<\/p>","protected":false},"author":1,"featured_media":829,"comment_status":"closed","ping_status":"closed","sticky":false,"template":"","format":"standard","meta":{"footnotes":""},"categories":[1],"tags":[],"class_list":["post-215","post","type-post","status-publish","format-standard","has-post-thumbnail","hentry","category-uncategorized"],"yoast_head":"<!-- This site is optimized with the Yoast SEO plugin v26.4 - https:\/\/yoast.com\/wordpress\/plugins\/seo\/ -->\n<title>Bariloche en Invierno: Por Qu\u00e9 Alquilar un Auto te Cambia el Viaje - Modena Patagonia<\/title>\n<meta name=\"robots\" content=\"index, follow, max-snippet:-1, max-image-preview:large, max-video-preview:-1\" \/>\n<link rel=\"canonical\" href=\"https:\/\/modenapatagonia.com\/en\/bariloche-en-invierno-por-que-alquilar-un-auto-te-cambia-el-viaje\/\" \/>\n<meta property=\"og:locale\" content=\"en_US\" \/>\n<meta property=\"og:type\" content=\"article\" \/>\n<meta property=\"og:title\" content=\"Bariloche en Invierno: Por Qu\u00e9 Alquilar un Auto te Cambia el Viaje - Modena Patagonia\" \/>\n<meta property=\"og:description\" content=\"Bariloche en invierno es un destino m\u00e1gico. Sus monta\u00f1as cubiertas de nieve, sus lagos serenos y sus bosques nevados convierten la ciudad en uno de los lugares m\u00e1s elegidos para disfrutar de la temporada fr\u00eda. Ya sea que viajes para esquiar, para hacer caminatas con raquetas o simplemente para disfrutar de la gastronom\u00eda patag\u00f3nica, alquilar un auto en Bariloche transforma tu experiencia por completo.\" \/>\n<meta property=\"og:url\" content=\"https:\/\/modenapatagonia.com\/en\/bariloche-en-invierno-por-que-alquilar-un-auto-te-cambia-el-viaje\/\" \/>\n<meta property=\"og:site_name\" content=\"Modena Patagonia\" \/>\n<meta property=\"article:published_time\" content=\"2025-05-14T13:51:23+00:00\" \/>\n<meta property=\"article:modified_time\" content=\"2025-06-23T16:34:39+00:00\" \/>\n<meta property=\"og:image\" content=\"https:\/\/modenapatagonia.com\/wp-content\/uploads\/2025\/05\/6.-Bariloche-en-Invierno.webp\" \/>\n\t<meta property=\"og:image:width\" content=\"1920\" \/>\n\t<meta property=\"og:image:height\" content=\"1080\" \/>\n\t<meta property=\"og:image:type\" content=\"image\/webp\" \/>\n<meta name=\"author\" content=\"admin\" \/>\n<meta name=\"twitter:card\" content=\"summary_large_image\" \/>\n<meta name=\"twitter:label1\" content=\"Written by\" \/>\n\t<meta name=\"twitter:data1\" content=\"admin\" \/>\n\t<meta name=\"twitter:label2\" content=\"Est. reading time\" \/>\n\t<meta name=\"twitter:data2\" content=\"3 minutes\" \/>\n<script type=\"application\/ld+json\" class=\"yoast-schema-graph\">{\"@context\":\"https:\/\/schema.org\",\"@graph\":[{\"@type\":\"Article\",\"@id\":\"https:\/\/modenapatagonia.com\/bariloche-en-invierno-por-que-alquilar-un-auto-te-cambia-el-viaje\/#article\",\"isPartOf\":{\"@id\":\"https:\/\/modenapatagonia.com\/bariloche-en-invierno-por-que-alquilar-un-auto-te-cambia-el-viaje\/\"},\"author\":{\"name\":\"admin\",\"@id\":\"https:\/\/modenapatagonia.com\/es\/home\/#\/schema\/person\/43e0b894ddf4f471456fe9513fb6c544\"},\"headline\":\"Bariloche en Invierno: Por Qu\u00e9 Alquilar un Auto te Cambia el Viaje\",\"datePublished\":\"2025-05-14T13:51:23+00:00\",\"dateModified\":\"2025-06-23T16:34:39+00:00\",\"mainEntityOfPage\":{\"@id\":\"https:\/\/modenapatagonia.com\/bariloche-en-invierno-por-que-alquilar-un-auto-te-cambia-el-viaje\/\"},\"wordCount\":504,\"publisher\":{\"@id\":\"https:\/\/modenapatagonia.com\/es\/home\/#organization\"},\"image\":{\"@id\":\"https:\/\/modenapatagonia.com\/bariloche-en-invierno-por-que-alquilar-un-auto-te-cambia-el-viaje\/#primaryimage\"},\"thumbnailUrl\":\"https:\/\/modenapatagonia.com\/wp-content\/uploads\/2025\/05\/6.-Bariloche-en-Invierno.webp\",\"inLanguage\":\"en-US\"},{\"@type\":\"WebPage\",\"@id\":\"https:\/\/modenapatagonia.com\/bariloche-en-invierno-por-que-alquilar-un-auto-te-cambia-el-viaje\/\",\"url\":\"https:\/\/modenapatagonia.com\/bariloche-en-invierno-por-que-alquilar-un-auto-te-cambia-el-viaje\/\",\"name\":\"Bariloche en Invierno: Por Qu\u00e9 Alquilar un Auto te Cambia el Viaje - Modena Patagonia\",\"isPartOf\":{\"@id\":\"https:\/\/modenapatagonia.com\/es\/home\/#website\"},\"primaryImageOfPage\":{\"@id\":\"https:\/\/modenapatagonia.com\/bariloche-en-invierno-por-que-alquilar-un-auto-te-cambia-el-viaje\/#primaryimage\"},\"image\":{\"@id\":\"https:\/\/modenapatagonia.com\/bariloche-en-invierno-por-que-alquilar-un-auto-te-cambia-el-viaje\/#primaryimage\"},\"thumbnailUrl\":\"https:\/\/modenapatagonia.com\/wp-content\/uploads\/2025\/05\/6.-Bariloche-en-Invierno.webp\",\"datePublished\":\"2025-05-14T13:51:23+00:00\",\"dateModified\":\"2025-06-23T16:34:39+00:00\",\"breadcrumb\":{\"@id\":\"https:\/\/modenapatagonia.com\/bariloche-en-invierno-por-que-alquilar-un-auto-te-cambia-el-viaje\/#breadcrumb\"},\"inLanguage\":\"en-US\",\"potentialAction\":[{\"@type\":\"ReadAction\",\"target\":[\"https:\/\/modenapatagonia.com\/bariloche-en-invierno-por-que-alquilar-un-auto-te-cambia-el-viaje\/\"]}]},{\"@type\":\"ImageObject\",\"inLanguage\":\"en-US\",\"@id\":\"https:\/\/modenapatagonia.com\/bariloche-en-invierno-por-que-alquilar-un-auto-te-cambia-el-viaje\/#primaryimage\",\"url\":\"https:\/\/modenapatagonia.com\/wp-content\/uploads\/2025\/05\/6.-Bariloche-en-Invierno.webp\",\"contentUrl\":\"https:\/\/modenapatagonia.com\/wp-content\/uploads\/2025\/05\/6.-Bariloche-en-Invierno.webp\",\"width\":1920,\"height\":1080},{\"@type\":\"BreadcrumbList\",\"@id\":\"https:\/\/modenapatagonia.com\/bariloche-en-invierno-por-que-alquilar-un-auto-te-cambia-el-viaje\/#breadcrumb\",\"itemListElement\":[{\"@type\":\"ListItem\",\"position\":1,\"name\":\"Inicio\",\"item\":\"https:\/\/modenapatagonia.com\/\"},{\"@type\":\"ListItem\",\"position\":2,\"name\":\"Bariloche en Invierno: Por Qu\u00e9 Alquilar un Auto te Cambia el Viaje\"}]},{\"@type\":\"WebSite\",\"@id\":\"https:\/\/modenapatagonia.com\/es\/home\/#website\",\"url\":\"https:\/\/modenapatagonia.com\/es\/home\/\",\"name\":\"Modena Patagonia\",\"description\":\"Somos tu mejor opci\u00f3n para alquilar autos en San Carlos de Bariloche y la Patagonia Argentina.\",\"publisher\":{\"@id\":\"https:\/\/modenapatagonia.com\/es\/home\/#organization\"},\"potentialAction\":[{\"@type\":\"SearchAction\",\"target\":{\"@type\":\"EntryPoint\",\"urlTemplate\":\"https:\/\/modenapatagonia.com\/es\/home\/?s={search_term_string}\"},\"query-input\":{\"@type\":\"PropertyValueSpecification\",\"valueRequired\":true,\"valueName\":\"search_term_string\"}}],\"inLanguage\":\"en-US\"},{\"@type\":\"Organization\",\"@id\":\"https:\/\/modenapatagonia.com\/es\/home\/#organization\",\"name\":\"Modena Patagonia\",\"url\":\"https:\/\/modenapatagonia.com\/es\/home\/\",\"logo\":{\"@type\":\"ImageObject\",\"inLanguage\":\"en-US\",\"@id\":\"https:\/\/modenapatagonia.com\/es\/home\/#\/schema\/logo\/image\/\",\"url\":\"https:\/\/modenapatagonia.com\/wp-content\/uploads\/2025\/04\/Modenalogo.png\",\"contentUrl\":\"https:\/\/modenapatagonia.com\/wp-content\/uploads\/2025\/04\/Modenalogo.png\",\"width\":170,\"height\":57,\"caption\":\"Modena Patagonia\"},\"image\":{\"@id\":\"https:\/\/modenapatagonia.com\/es\/home\/#\/schema\/logo\/image\/\"}},{\"@type\":\"Person\",\"@id\":\"https:\/\/modenapatagonia.com\/es\/home\/#\/schema\/person\/43e0b894ddf4f471456fe9513fb6c544\",\"name\":\"admin\",\"sameAs\":[\"https:\/\/modenapatagonia.com\"],\"url\":\"https:\/\/modenapatagonia.com\/en\/author\/nelsonsoriano_0jdahkk0\/\"}]}<\/script>\n<!-- \/ Yoast SEO plugin. -->","yoast_head_json":{"title":"Bariloche en Invierno: Por Qu\u00e9 Alquilar un Auto te Cambia el Viaje - Modena Patagonia","robots":{"index":"index","follow":"follow","max-snippet":"max-snippet:-1","max-image-preview":"max-image-preview:large","max-video-preview":"max-video-preview:-1"},"canonical":"https:\/\/modenapatagonia.com\/en\/bariloche-en-invierno-por-que-alquilar-un-auto-te-cambia-el-viaje\/","og_locale":"en_US","og_type":"article","og_title":"Bariloche en Invierno: Por Qu\u00e9 Alquilar un Auto te Cambia el Viaje - Modena Patagonia","og_description":"Bariloche en invierno es un destino m\u00e1gico. Sus monta\u00f1as cubiertas de nieve, sus lagos serenos y sus bosques nevados convierten la ciudad en uno de los lugares m\u00e1s elegidos para disfrutar de la temporada fr\u00eda. Ya sea que viajes para esquiar, para hacer caminatas con raquetas o simplemente para disfrutar de la gastronom\u00eda patag\u00f3nica, alquilar un auto en Bariloche transforma tu experiencia por completo.","og_url":"https:\/\/modenapatagonia.com\/en\/bariloche-en-invierno-por-que-alquilar-un-auto-te-cambia-el-viaje\/","og_site_name":"Modena Patagonia","article_published_time":"2025-05-14T13:51:23+00:00","article_modified_time":"2025-06-23T16:34:39+00:00","og_image":[{"width":1920,"height":1080,"url":"https:\/\/modenapatagonia.com\/wp-content\/uploads\/2025\/05\/6.-Bariloche-en-Invierno.webp","type":"image\/webp"}],"author":"admin","twitter_card":"summary_large_image","twitter_misc":{"Written by":"admin","Est. reading time":"3 minutes"},"schema":{"@context":"https:\/\/schema.org","@graph":[{"@type":"Article","@id":"https:\/\/modenapatagonia.com\/bariloche-en-invierno-por-que-alquilar-un-auto-te-cambia-el-viaje\/#article","isPartOf":{"@id":"https:\/\/modenapatagonia.com\/bariloche-en-invierno-por-que-alquilar-un-auto-te-cambia-el-viaje\/"},"author":{"name":"admin","@id":"https:\/\/modenapatagonia.com\/es\/home\/#\/schema\/person\/43e0b894ddf4f471456fe9513fb6c544"},"headline":"Bariloche en Invierno: Por Qu\u00e9 Alquilar un Auto te Cambia el Viaje","datePublished":"2025-05-14T13:51:23+00:00","dateModified":"2025-06-23T16:34:39+00:00","mainEntityOfPage":{"@id":"https:\/\/modenapatagonia.com\/bariloche-en-invierno-por-que-alquilar-un-auto-te-cambia-el-viaje\/"},"wordCount":504,"publisher":{"@id":"https:\/\/modenapatagonia.com\/es\/home\/#organization"},"image":{"@id":"https:\/\/modenapatagonia.com\/bariloche-en-invierno-por-que-alquilar-un-auto-te-cambia-el-viaje\/#primaryimage"},"thumbnailUrl":"https:\/\/modenapatagonia.com\/wp-content\/uploads\/2025\/05\/6.-Bariloche-en-Invierno.webp","inLanguage":"en-US"},{"@type":"WebPage","@id":"https:\/\/modenapatagonia.com\/bariloche-en-invierno-por-que-alquilar-un-auto-te-cambia-el-viaje\/","url":"https:\/\/modenapatagonia.com\/bariloche-en-invierno-por-que-alquilar-un-auto-te-cambia-el-viaje\/","name":"Bariloche en Invierno: Por Qu\u00e9 Alquilar un Auto te Cambia el Viaje - Modena Patagonia","isPartOf":{"@id":"https:\/\/modenapatagonia.com\/es\/home\/#website"},"primaryImageOfPage":{"@id":"https:\/\/modenapatagonia.com\/bariloche-en-invierno-por-que-alquilar-un-auto-te-cambia-el-viaje\/#primaryimage"},"image":{"@id":"https:\/\/modenapatagonia.com\/bariloche-en-invierno-por-que-alquilar-un-auto-te-cambia-el-viaje\/#primaryimage"},"thumbnailUrl":"https:\/\/modenapatagonia.com\/wp-content\/uploads\/2025\/05\/6.-Bariloche-en-Invierno.webp","datePublished":"2025-05-14T13:51:23+00:00","dateModified":"2025-06-23T16:34:39+00:00","breadcrumb":{"@id":"https:\/\/modenapatagonia.com\/bariloche-en-invierno-por-que-alquilar-un-auto-te-cambia-el-viaje\/#breadcrumb"},"inLanguage":"en-US","potentialAction":[{"@type":"ReadAction","target":["https:\/\/modenapatagonia.com\/bariloche-en-invierno-por-que-alquilar-un-auto-te-cambia-el-viaje\/"]}]},{"@type":"ImageObject","inLanguage":"en-US","@id":"https:\/\/modenapatagonia.com\/bariloche-en-invierno-por-que-alquilar-un-auto-te-cambia-el-viaje\/#primaryimage","url":"https:\/\/modenapatagonia.com\/wp-content\/uploads\/2025\/05\/6.-Bariloche-en-Invierno.webp","contentUrl":"https:\/\/modenapatagonia.com\/wp-content\/uploads\/2025\/05\/6.-Bariloche-en-Invierno.webp","width":1920,"height":1080},{"@type":"BreadcrumbList","@id":"https:\/\/modenapatagonia.com\/bariloche-en-invierno-por-que-alquilar-un-auto-te-cambia-el-viaje\/#breadcrumb","itemListElement":[{"@type":"ListItem","position":1,"name":"Inicio","item":"https:\/\/modenapatagonia.com\/"},{"@type":"ListItem","position":2,"name":"Bariloche en Invierno: Por Qu\u00e9 Alquilar un Auto te Cambia el Viaje"}]},{"@type":"WebSite","@id":"https:\/\/modenapatagonia.com\/es\/home\/#website","url":"https:\/\/modenapatagonia.com\/es\/home\/","name":"Modena Patagonia","description":"Somos tu mejor opci\u00f3n para alquilar autos en San Carlos de Bariloche y la Patagonia Argentina.","publisher":{"@id":"https:\/\/modenapatagonia.com\/es\/home\/#organization"},"potentialAction":[{"@type":"SearchAction","target":{"@type":"EntryPoint","urlTemplate":"https:\/\/modenapatagonia.com\/es\/home\/?s={search_term_string}"},"query-input":{"@type":"PropertyValueSpecification","valueRequired":true,"valueName":"search_term_string"}}],"inLanguage":"en-US"},{"@type":"Organization","@id":"https:\/\/modenapatagonia.com\/es\/home\/#organization","name":"Modena Patagonia","url":"https:\/\/modenapatagonia.com\/es\/home\/","logo":{"@type":"ImageObject","inLanguage":"en-US","@id":"https:\/\/modenapatagonia.com\/es\/home\/#\/schema\/logo\/image\/","url":"https:\/\/modenapatagonia.com\/wp-content\/uploads\/2025\/04\/Modenalogo.png","contentUrl":"https:\/\/modenapatagonia.com\/wp-content\/uploads\/2025\/04\/Modenalogo.png","width":170,"height":57,"caption":"Modena Patagonia"},"image":{"@id":"https:\/\/modenapatagonia.com\/es\/home\/#\/schema\/logo\/image\/"}},{"@type":"Person","@id":"https:\/\/modenapatagonia.com\/es\/home\/#\/schema\/person\/43e0b894ddf4f471456fe9513fb6c544","name":"admin","sameAs":["https:\/\/modenapatagonia.com"],"url":"https:\/\/modenapatagonia.com\/en\/author\/nelsonsoriano_0jdahkk0\/"}]}},"_links":{"self":[{"href":"https:\/\/modenapatagonia.com\/en\/wp-json\/wp\/v2\/posts\/215","targetHints":{"allow":["GET"]}}],"collection":[{"href":"https:\/\/modenapatagonia.com\/en\/wp-json\/wp\/v2\/posts"}],"about":[{"href":"https:\/\/modenapatagonia.com\/en\/wp-json\/wp\/v2\/types\/post"}],"author":[{"embeddable":true,"href":"https:\/\/modenapatagonia.com\/en\/wp-json\/wp\/v2\/users\/1"}],"replies":[{"embeddable":true,"href":"https:\/\/modenapatagonia.com\/en\/wp-json\/wp\/v2\/comments?post=215"}],"version-history":[{"count":2,"href":"https:\/\/modenapatagonia.com\/en\/wp-json\/wp\/v2\/posts\/215\/revisions"}],"predecessor-version":[{"id":1701,"href":"https:\/\/modenapatagonia.com\/en\/wp-json\/wp\/v2\/posts\/215\/revisions\/1701"}],"wp:featuredmedia":[{"embeddable":true,"href":"https:\/\/modenapatagonia.com\/en\/wp-json\/wp\/v2\/media\/829"}],"wp:attachment":[{"href":"https:\/\/modenapatagonia.com\/en\/wp-json\/wp\/v2\/media?parent=215"}],"wp:term":[{"taxonomy":"category","embeddable":true,"href":"https:\/\/modenapatagonia.com\/en\/wp-json\/wp\/v2\/categories?post=215"},{"taxonomy":"post_tag","embeddable":true,"href":"https:\/\/modenapatagonia.com\/en\/wp-json\/wp\/v2\/tags?post=215"}],"curies":[{"name":"wp","href":"https:\/\/api.w.org\/{rel}","templated":true}]}}