{"id":225,"date":"2025-05-15T17:17:48","date_gmt":"2025-05-15T17:17:48","guid":{"rendered":"https:\/\/karobrand.com\/?p=225"},"modified":"2025-06-23T16:33:45","modified_gmt":"2025-06-23T16:33:45","slug":"itinerario-3-dias-san-rafael-alrededores-en-auto","status":"publish","type":"post","link":"https:\/\/modenapatagonia.com\/en\/itinerario-3-dias-san-rafael-alrededores-en-auto\/","title":{"rendered":"Road trip de 3 d\u00edas por San Rafael y alrededores: itinerario en auto"},"content":{"rendered":"<p>El sur de Mendoza es una regi\u00f3n que combina paisajes deslumbrantes, cultura vitivin\u00edcola y aventura en plena naturaleza. Con un auto alquilado, pod\u00e9s armar un itinerario de 3 d\u00edas flexible, que te permita explorar cada rinc\u00f3n a tu ritmo. Desde las bodegas de San Rafael hasta el imponente Ca\u00f1\u00f3n del Atuel, este recorrido es ideal para quienes quieren disfrutar del vino, el aire libre y la comodidad de viajar por cuenta propia.<\/p>\n\n\n\n<p>En Modena Patagonia, contamos con una flota adaptada a rutas de monta\u00f1a, caminos esc\u00e9nicos y escapadas rurales. Eleg\u00ed tu auto ideal y preparate para un road trip inolvidable.<\/p>\n\n\n\n<hr class=\"wp-block-separator has-alpha-channel-opacity\"\/>\n\n\n\n<h2 class=\"wp-block-heading\"><strong>D\u00eda 1: San Rafael y Ruta del Vino<\/strong><\/h2>\n\n\n\n<p>El viaje comienza en la ciudad de <strong>San Rafael<\/strong>, un excelente punto de partida para explorar el sur de Mendoza. Desde all\u00ed, pod\u00e9s recorrer algunas de las bodegas m\u00e1s emblem\u00e1ticas de la regi\u00f3n, como Bodega Bianchi, Alfredo Roca o Suter, todas accesibles en auto.<\/p>\n\n\n\n<p>La Ruta Provincial 143 y sus alrededores est\u00e1n repletos de vi\u00f1edos, paradores y restaurantes donde disfrutar de gastronom\u00eda local y maridajes \u00fanicos. Con un auto, pod\u00e9s visitar 2 o 3 bodegas en el d\u00eda, combinando recorridos guiados, almuerzos al aire libre y compras en tiendas regionales.<\/p>\n\n\n\n<hr class=\"wp-block-separator has-alpha-channel-opacity\"\/>\n\n\n\n<h2 class=\"wp-block-heading\"><strong>D\u00eda 2: Ca\u00f1\u00f3n del Atuel y Embalse El Nihuil<\/strong><\/h2>\n\n\n\n<p>El segundo d\u00eda est\u00e1 reservado para una de las joyas naturales de la zona: el <strong>Ca\u00f1\u00f3n del Atuel<\/strong>. Se accede en auto desde San Rafael por la RP 173, un camino esc\u00e9nico que bordea el R\u00edo Atuel hasta llegar al embalse El Nihuil.<\/p>\n\n\n\n<p>Durante el trayecto, encontrar\u00e1s miradores naturales, zonas de rafting, trekking y deportes n\u00e1uticos. El camino incluye tramos de ripio en buen estado, por lo que se recomienda alquilar una SUV 4&#215;2 o una pickup si viaj\u00e1s en temporada de lluvias o con equipamiento de aventura.<\/p>\n\n\n\n<p>El paisaje es de otro planeta: formaciones rocosas, aguas turquesas y una carretera que serpentea entre monta\u00f1as. Ideal para detenerse, sacar fotos y vivir la Patagonia mendocina desde el volante.<\/p>\n\n\n\n<hr class=\"wp-block-separator has-alpha-channel-opacity\"\/>\n\n\n\n<h2 class=\"wp-block-heading\"><strong>D\u00eda 3: Valle Grande y relax<\/strong><\/h2>\n\n\n\n<p>Para cerrar el viaje, el <strong>Valle Grande<\/strong> es la mejor opci\u00f3n. A solo 40 km de San Rafael, ofrece un entorno relajado con caba\u00f1as, camping, playa y senderos. All\u00ed pod\u00e9s alquilar kayaks, hacer cabalgatas o simplemente disfrutar del sol y el paisaje.<\/p>\n\n\n\n<p>La ruta hasta el valle est\u00e1 asfaltada y en excelentes condiciones. Pod\u00e9s cerrar el viaje con un picnic frente al lago o una cena en alguno de los paradores de monta\u00f1a. Si ten\u00e9s m\u00e1s tiempo, pod\u00e9s continuar hacia Malarg\u00fce o cruzar a la zona del Parque Provincial Payunia.<\/p>\n\n\n\n<hr class=\"wp-block-separator has-alpha-channel-opacity\"\/>\n\n\n\n<h2 class=\"wp-block-heading\"><strong>\u00bfQu\u00e9 auto elegir para este road trip?<\/strong><\/h2>\n\n\n\n<ul class=\"wp-block-list\">\n<li><strong>Compacto o econ\u00f3mico:<\/strong> ideal para quienes hacen solo ruta asfaltada y visitas urbanas.<br><\/li>\n\n\n\n<li><strong>SUV 4&#215;2:<\/strong> recomendada si vas a transitar ripio o caminos rurales como el Ca\u00f1\u00f3n del Atuel.<br><\/li>\n\n\n\n<li><strong>Pickup 4&#215;4:<\/strong> perfecta si plane\u00e1s hacer actividades con carga, visitar zonas alejadas o viaj\u00e1s en invierno.<br><\/li>\n<\/ul>\n\n\n\n<p>Todos los veh\u00edculos de Modena Patagonia incluyen seguro, asistencia en ruta y opci\u00f3n de adicionales como GPS, sillas para ni\u00f1os o porta equipaje.<\/p>\n\n\n\n<hr class=\"wp-block-separator has-alpha-channel-opacity\"\/>\n\n\n\n<h2 class=\"wp-block-heading\"><strong>Consejos para el viaje en auto por el sur de Mendoza<\/strong><\/h2>\n\n\n\n<ul class=\"wp-block-list\">\n<li>Carg\u00e1 combustible en San Rafael: las estaciones fuera del radio urbano son limitadas.<br><\/li>\n\n\n\n<li>Llev\u00e1 agua, protector solar y abrigo: los microclimas cambian seg\u00fan la altitud.<br><\/li>\n\n\n\n<li>Us\u00e1 mapas offline o GPS: algunas zonas tienen baja se\u00f1al.<br><\/li>\n\n\n\n<li>Consult\u00e1 el estado de caminos antes de salir: especialmente para ripio o zonas con lluvias.<br><\/li>\n\n\n\n<li>Viaj\u00e1 con seguro y asistencia: en Modena Patagonia te damos cobertura total para que manejes tranquilo.<br><\/li>\n<\/ul>\n\n\n\n<hr class=\"wp-block-separator has-alpha-channel-opacity\"\/>\n\n\n\n<h2 class=\"wp-block-heading\"><strong>Explor\u00e1 Mendoza con Modena Patagonia<\/strong><\/h2>\n\n\n\n<p>Recorrer el sur de Mendoza en auto es una experiencia que combina libertad, paisajes y cultura local. En Modena Patagonia, te ofrecemos la mejor flota para tu tipo de viaje, con reservas online, asesoramiento personalizado y un 10% de descuento exclusivo.<\/p>\n\n\n\n<p>Reserv\u00e1 tu veh\u00edculo y descubr\u00ed cada rinc\u00f3n de la Patagonia mendocina por tu cuenta. \u00a1La aventura te espera!<\/p>\n\n\n\n<p><\/p>","protected":false},"excerpt":{"rendered":"<p>El sur de Mendoza es una regi\u00f3n que combina paisajes deslumbrantes, cultura vitivin\u00edcola y aventura en plena naturaleza. Con un auto alquilado, pod\u00e9s armar un itinerario de 3 d\u00edas flexible, que te permita explorar cada rinc\u00f3n a tu ritmo. Desde las bodegas de San Rafael hasta el imponente Ca\u00f1\u00f3n del Atuel, este recorrido es ideal para quienes quieren disfrutar del vino, el aire libre y la comodidad de viajar por cuenta propia.<\/p>","protected":false},"author":1,"featured_media":832,"comment_status":"closed","ping_status":"closed","sticky":false,"template":"","format":"standard","meta":{"footnotes":""},"categories":[1],"tags":[],"class_list":["post-225","post","type-post","status-publish","format-standard","has-post-thumbnail","hentry","category-uncategorized"],"yoast_head":"<!-- This site is optimized with the Yoast SEO plugin v26.4 - https:\/\/yoast.com\/wordpress\/plugins\/seo\/ -->\n<title>Road trip de 3 d\u00edas por San Rafael y alrededores: itinerario en auto - Modena Patagonia<\/title>\n<meta name=\"robots\" content=\"index, follow, max-snippet:-1, max-image-preview:large, max-video-preview:-1\" \/>\n<link rel=\"canonical\" href=\"https:\/\/modenapatagonia.com\/en\/itinerario-3-dias-san-rafael-alrededores-en-auto\/\" \/>\n<meta property=\"og:locale\" content=\"en_US\" \/>\n<meta property=\"og:type\" content=\"article\" \/>\n<meta property=\"og:title\" content=\"Road trip de 3 d\u00edas por San Rafael y alrededores: itinerario en auto - Modena Patagonia\" \/>\n<meta property=\"og:description\" content=\"El sur de Mendoza es una regi\u00f3n que combina paisajes deslumbrantes, cultura vitivin\u00edcola y aventura en plena naturaleza. Con un auto alquilado, pod\u00e9s armar un itinerario de 3 d\u00edas flexible, que te permita explorar cada rinc\u00f3n a tu ritmo. Desde las bodegas de San Rafael hasta el imponente Ca\u00f1\u00f3n del Atuel, este recorrido es ideal para quienes quieren disfrutar del vino, el aire libre y la comodidad de viajar por cuenta propia.\" \/>\n<meta property=\"og:url\" content=\"https:\/\/modenapatagonia.com\/en\/itinerario-3-dias-san-rafael-alrededores-en-auto\/\" \/>\n<meta property=\"og:site_name\" content=\"Modena Patagonia\" \/>\n<meta property=\"article:published_time\" content=\"2025-05-15T17:17:48+00:00\" \/>\n<meta property=\"article:modified_time\" content=\"2025-06-23T16:33:45+00:00\" \/>\n<meta property=\"og:image\" content=\"https:\/\/modenapatagonia.com\/wp-content\/uploads\/2025\/05\/9.-Road-trip-de-3-dias-por-San-Rafael-.webp\" \/>\n\t<meta property=\"og:image:width\" content=\"1920\" \/>\n\t<meta property=\"og:image:height\" content=\"1080\" \/>\n\t<meta property=\"og:image:type\" content=\"image\/webp\" \/>\n<meta name=\"author\" content=\"admin\" \/>\n<meta name=\"twitter:card\" content=\"summary_large_image\" \/>\n<meta name=\"twitter:label1\" content=\"Written by\" \/>\n\t<meta name=\"twitter:data1\" content=\"admin\" \/>\n\t<meta name=\"twitter:label2\" content=\"Est. reading time\" \/>\n\t<meta name=\"twitter:data2\" content=\"4 minutes\" \/>\n<script type=\"application\/ld+json\" class=\"yoast-schema-graph\">{\"@context\":\"https:\/\/schema.org\",\"@graph\":[{\"@type\":\"Article\",\"@id\":\"https:\/\/modenapatagonia.com\/itinerario-3-dias-san-rafael-alrededores-en-auto\/#article\",\"isPartOf\":{\"@id\":\"https:\/\/modenapatagonia.com\/itinerario-3-dias-san-rafael-alrededores-en-auto\/\"},\"author\":{\"name\":\"admin\",\"@id\":\"https:\/\/modenapatagonia.com\/es\/home\/#\/schema\/person\/43e0b894ddf4f471456fe9513fb6c544\"},\"headline\":\"Road trip de 3 d\u00edas por San Rafael y alrededores: itinerario en auto\",\"datePublished\":\"2025-05-15T17:17:48+00:00\",\"dateModified\":\"2025-06-23T16:33:45+00:00\",\"mainEntityOfPage\":{\"@id\":\"https:\/\/modenapatagonia.com\/itinerario-3-dias-san-rafael-alrededores-en-auto\/\"},\"wordCount\":689,\"publisher\":{\"@id\":\"https:\/\/modenapatagonia.com\/es\/home\/#organization\"},\"image\":{\"@id\":\"https:\/\/modenapatagonia.com\/itinerario-3-dias-san-rafael-alrededores-en-auto\/#primaryimage\"},\"thumbnailUrl\":\"https:\/\/modenapatagonia.com\/wp-content\/uploads\/2025\/05\/9.-Road-trip-de-3-dias-por-San-Rafael-.webp\",\"inLanguage\":\"en-US\"},{\"@type\":\"WebPage\",\"@id\":\"https:\/\/modenapatagonia.com\/itinerario-3-dias-san-rafael-alrededores-en-auto\/\",\"url\":\"https:\/\/modenapatagonia.com\/itinerario-3-dias-san-rafael-alrededores-en-auto\/\",\"name\":\"Road trip de 3 d\u00edas por San Rafael y alrededores: itinerario en auto - Modena Patagonia\",\"isPartOf\":{\"@id\":\"https:\/\/modenapatagonia.com\/es\/home\/#website\"},\"primaryImageOfPage\":{\"@id\":\"https:\/\/modenapatagonia.com\/itinerario-3-dias-san-rafael-alrededores-en-auto\/#primaryimage\"},\"image\":{\"@id\":\"https:\/\/modenapatagonia.com\/itinerario-3-dias-san-rafael-alrededores-en-auto\/#primaryimage\"},\"thumbnailUrl\":\"https:\/\/modenapatagonia.com\/wp-content\/uploads\/2025\/05\/9.-Road-trip-de-3-dias-por-San-Rafael-.webp\",\"datePublished\":\"2025-05-15T17:17:48+00:00\",\"dateModified\":\"2025-06-23T16:33:45+00:00\",\"breadcrumb\":{\"@id\":\"https:\/\/modenapatagonia.com\/itinerario-3-dias-san-rafael-alrededores-en-auto\/#breadcrumb\"},\"inLanguage\":\"en-US\",\"potentialAction\":[{\"@type\":\"ReadAction\",\"target\":[\"https:\/\/modenapatagonia.com\/itinerario-3-dias-san-rafael-alrededores-en-auto\/\"]}]},{\"@type\":\"ImageObject\",\"inLanguage\":\"en-US\",\"@id\":\"https:\/\/modenapatagonia.com\/itinerario-3-dias-san-rafael-alrededores-en-auto\/#primaryimage\",\"url\":\"https:\/\/modenapatagonia.com\/wp-content\/uploads\/2025\/05\/9.-Road-trip-de-3-dias-por-San-Rafael-.webp\",\"contentUrl\":\"https:\/\/modenapatagonia.com\/wp-content\/uploads\/2025\/05\/9.-Road-trip-de-3-dias-por-San-Rafael-.webp\",\"width\":1920,\"height\":1080},{\"@type\":\"BreadcrumbList\",\"@id\":\"https:\/\/modenapatagonia.com\/itinerario-3-dias-san-rafael-alrededores-en-auto\/#breadcrumb\",\"itemListElement\":[{\"@type\":\"ListItem\",\"position\":1,\"name\":\"Inicio\",\"item\":\"https:\/\/modenapatagonia.com\/\"},{\"@type\":\"ListItem\",\"position\":2,\"name\":\"Road trip de 3 d\u00edas por San Rafael y alrededores: itinerario en auto\"}]},{\"@type\":\"WebSite\",\"@id\":\"https:\/\/modenapatagonia.com\/es\/home\/#website\",\"url\":\"https:\/\/modenapatagonia.com\/es\/home\/\",\"name\":\"Modena Patagonia\",\"description\":\"Somos tu mejor opci\u00f3n para alquilar autos en San Carlos de Bariloche y la Patagonia Argentina.\",\"publisher\":{\"@id\":\"https:\/\/modenapatagonia.com\/es\/home\/#organization\"},\"potentialAction\":[{\"@type\":\"SearchAction\",\"target\":{\"@type\":\"EntryPoint\",\"urlTemplate\":\"https:\/\/modenapatagonia.com\/es\/home\/?s={search_term_string}\"},\"query-input\":{\"@type\":\"PropertyValueSpecification\",\"valueRequired\":true,\"valueName\":\"search_term_string\"}}],\"inLanguage\":\"en-US\"},{\"@type\":\"Organization\",\"@id\":\"https:\/\/modenapatagonia.com\/es\/home\/#organization\",\"name\":\"Modena Patagonia\",\"url\":\"https:\/\/modenapatagonia.com\/es\/home\/\",\"logo\":{\"@type\":\"ImageObject\",\"inLanguage\":\"en-US\",\"@id\":\"https:\/\/modenapatagonia.com\/es\/home\/#\/schema\/logo\/image\/\",\"url\":\"https:\/\/modenapatagonia.com\/wp-content\/uploads\/2025\/04\/Modenalogo.png\",\"contentUrl\":\"https:\/\/modenapatagonia.com\/wp-content\/uploads\/2025\/04\/Modenalogo.png\",\"width\":170,\"height\":57,\"caption\":\"Modena Patagonia\"},\"image\":{\"@id\":\"https:\/\/modenapatagonia.com\/es\/home\/#\/schema\/logo\/image\/\"}},{\"@type\":\"Person\",\"@id\":\"https:\/\/modenapatagonia.com\/es\/home\/#\/schema\/person\/43e0b894ddf4f471456fe9513fb6c544\",\"name\":\"admin\",\"sameAs\":[\"https:\/\/modenapatagonia.com\"],\"url\":\"https:\/\/modenapatagonia.com\/en\/author\/nelsonsoriano_0jdahkk0\/\"}]}<\/script>\n<!-- \/ Yoast SEO plugin. -->","yoast_head_json":{"title":"Road trip de 3 d\u00edas por San Rafael y alrededores: itinerario en auto - Modena Patagonia","robots":{"index":"index","follow":"follow","max-snippet":"max-snippet:-1","max-image-preview":"max-image-preview:large","max-video-preview":"max-video-preview:-1"},"canonical":"https:\/\/modenapatagonia.com\/en\/itinerario-3-dias-san-rafael-alrededores-en-auto\/","og_locale":"en_US","og_type":"article","og_title":"Road trip de 3 d\u00edas por San Rafael y alrededores: itinerario en auto - Modena Patagonia","og_description":"El sur de Mendoza es una regi\u00f3n que combina paisajes deslumbrantes, cultura vitivin\u00edcola y aventura en plena naturaleza. Con un auto alquilado, pod\u00e9s armar un itinerario de 3 d\u00edas flexible, que te permita explorar cada rinc\u00f3n a tu ritmo. Desde las bodegas de San Rafael hasta el imponente Ca\u00f1\u00f3n del Atuel, este recorrido es ideal para quienes quieren disfrutar del vino, el aire libre y la comodidad de viajar por cuenta propia.","og_url":"https:\/\/modenapatagonia.com\/en\/itinerario-3-dias-san-rafael-alrededores-en-auto\/","og_site_name":"Modena Patagonia","article_published_time":"2025-05-15T17:17:48+00:00","article_modified_time":"2025-06-23T16:33:45+00:00","og_image":[{"width":1920,"height":1080,"url":"https:\/\/modenapatagonia.com\/wp-content\/uploads\/2025\/05\/9.-Road-trip-de-3-dias-por-San-Rafael-.webp","type":"image\/webp"}],"author":"admin","twitter_card":"summary_large_image","twitter_misc":{"Written by":"admin","Est. reading time":"4 minutes"},"schema":{"@context":"https:\/\/schema.org","@graph":[{"@type":"Article","@id":"https:\/\/modenapatagonia.com\/itinerario-3-dias-san-rafael-alrededores-en-auto\/#article","isPartOf":{"@id":"https:\/\/modenapatagonia.com\/itinerario-3-dias-san-rafael-alrededores-en-auto\/"},"author":{"name":"admin","@id":"https:\/\/modenapatagonia.com\/es\/home\/#\/schema\/person\/43e0b894ddf4f471456fe9513fb6c544"},"headline":"Road trip de 3 d\u00edas por San Rafael y alrededores: itinerario en auto","datePublished":"2025-05-15T17:17:48+00:00","dateModified":"2025-06-23T16:33:45+00:00","mainEntityOfPage":{"@id":"https:\/\/modenapatagonia.com\/itinerario-3-dias-san-rafael-alrededores-en-auto\/"},"wordCount":689,"publisher":{"@id":"https:\/\/modenapatagonia.com\/es\/home\/#organization"},"image":{"@id":"https:\/\/modenapatagonia.com\/itinerario-3-dias-san-rafael-alrededores-en-auto\/#primaryimage"},"thumbnailUrl":"https:\/\/modenapatagonia.com\/wp-content\/uploads\/2025\/05\/9.-Road-trip-de-3-dias-por-San-Rafael-.webp","inLanguage":"en-US"},{"@type":"WebPage","@id":"https:\/\/modenapatagonia.com\/itinerario-3-dias-san-rafael-alrededores-en-auto\/","url":"https:\/\/modenapatagonia.com\/itinerario-3-dias-san-rafael-alrededores-en-auto\/","name":"Road trip de 3 d\u00edas por San Rafael y alrededores: itinerario en auto - Modena Patagonia","isPartOf":{"@id":"https:\/\/modenapatagonia.com\/es\/home\/#website"},"primaryImageOfPage":{"@id":"https:\/\/modenapatagonia.com\/itinerario-3-dias-san-rafael-alrededores-en-auto\/#primaryimage"},"image":{"@id":"https:\/\/modenapatagonia.com\/itinerario-3-dias-san-rafael-alrededores-en-auto\/#primaryimage"},"thumbnailUrl":"https:\/\/modenapatagonia.com\/wp-content\/uploads\/2025\/05\/9.-Road-trip-de-3-dias-por-San-Rafael-.webp","datePublished":"2025-05-15T17:17:48+00:00","dateModified":"2025-06-23T16:33:45+00:00","breadcrumb":{"@id":"https:\/\/modenapatagonia.com\/itinerario-3-dias-san-rafael-alrededores-en-auto\/#breadcrumb"},"inLanguage":"en-US","potentialAction":[{"@type":"ReadAction","target":["https:\/\/modenapatagonia.com\/itinerario-3-dias-san-rafael-alrededores-en-auto\/"]}]},{"@type":"ImageObject","inLanguage":"en-US","@id":"https:\/\/modenapatagonia.com\/itinerario-3-dias-san-rafael-alrededores-en-auto\/#primaryimage","url":"https:\/\/modenapatagonia.com\/wp-content\/uploads\/2025\/05\/9.-Road-trip-de-3-dias-por-San-Rafael-.webp","contentUrl":"https:\/\/modenapatagonia.com\/wp-content\/uploads\/2025\/05\/9.-Road-trip-de-3-dias-por-San-Rafael-.webp","width":1920,"height":1080},{"@type":"BreadcrumbList","@id":"https:\/\/modenapatagonia.com\/itinerario-3-dias-san-rafael-alrededores-en-auto\/#breadcrumb","itemListElement":[{"@type":"ListItem","position":1,"name":"Inicio","item":"https:\/\/modenapatagonia.com\/"},{"@type":"ListItem","position":2,"name":"Road trip de 3 d\u00edas por San Rafael y alrededores: itinerario en auto"}]},{"@type":"WebSite","@id":"https:\/\/modenapatagonia.com\/es\/home\/#website","url":"https:\/\/modenapatagonia.com\/es\/home\/","name":"Modena Patagonia","description":"Somos tu mejor opci\u00f3n para alquilar autos en San Carlos de Bariloche y la Patagonia Argentina.","publisher":{"@id":"https:\/\/modenapatagonia.com\/es\/home\/#organization"},"potentialAction":[{"@type":"SearchAction","target":{"@type":"EntryPoint","urlTemplate":"https:\/\/modenapatagonia.com\/es\/home\/?s={search_term_string}"},"query-input":{"@type":"PropertyValueSpecification","valueRequired":true,"valueName":"search_term_string"}}],"inLanguage":"en-US"},{"@type":"Organization","@id":"https:\/\/modenapatagonia.com\/es\/home\/#organization","name":"Modena Patagonia","url":"https:\/\/modenapatagonia.com\/es\/home\/","logo":{"@type":"ImageObject","inLanguage":"en-US","@id":"https:\/\/modenapatagonia.com\/es\/home\/#\/schema\/logo\/image\/","url":"https:\/\/modenapatagonia.com\/wp-content\/uploads\/2025\/04\/Modenalogo.png","contentUrl":"https:\/\/modenapatagonia.com\/wp-content\/uploads\/2025\/04\/Modenalogo.png","width":170,"height":57,"caption":"Modena Patagonia"},"image":{"@id":"https:\/\/modenapatagonia.com\/es\/home\/#\/schema\/logo\/image\/"}},{"@type":"Person","@id":"https:\/\/modenapatagonia.com\/es\/home\/#\/schema\/person\/43e0b894ddf4f471456fe9513fb6c544","name":"admin","sameAs":["https:\/\/modenapatagonia.com"],"url":"https:\/\/modenapatagonia.com\/en\/author\/nelsonsoriano_0jdahkk0\/"}]}},"_links":{"self":[{"href":"https:\/\/modenapatagonia.com\/en\/wp-json\/wp\/v2\/posts\/225","targetHints":{"allow":["GET"]}}],"collection":[{"href":"https:\/\/modenapatagonia.com\/en\/wp-json\/wp\/v2\/posts"}],"about":[{"href":"https:\/\/modenapatagonia.com\/en\/wp-json\/wp\/v2\/types\/post"}],"author":[{"embeddable":true,"href":"https:\/\/modenapatagonia.com\/en\/wp-json\/wp\/v2\/users\/1"}],"replies":[{"embeddable":true,"href":"https:\/\/modenapatagonia.com\/en\/wp-json\/wp\/v2\/comments?post=225"}],"version-history":[{"count":2,"href":"https:\/\/modenapatagonia.com\/en\/wp-json\/wp\/v2\/posts\/225\/revisions"}],"predecessor-version":[{"id":1698,"href":"https:\/\/modenapatagonia.com\/en\/wp-json\/wp\/v2\/posts\/225\/revisions\/1698"}],"wp:featuredmedia":[{"embeddable":true,"href":"https:\/\/modenapatagonia.com\/en\/wp-json\/wp\/v2\/media\/832"}],"wp:attachment":[{"href":"https:\/\/modenapatagonia.com\/en\/wp-json\/wp\/v2\/media?parent=225"}],"wp:term":[{"taxonomy":"category","embeddable":true,"href":"https:\/\/modenapatagonia.com\/en\/wp-json\/wp\/v2\/categories?post=225"},{"taxonomy":"post_tag","embeddable":true,"href":"https:\/\/modenapatagonia.com\/en\/wp-json\/wp\/v2\/tags?post=225"}],"curies":[{"name":"wp","href":"https:\/\/api.w.org\/{rel}","templated":true}]}}