{"id":231,"date":"2025-05-15T17:29:09","date_gmt":"2025-05-15T17:29:09","guid":{"rendered":"https:\/\/karobrand.com\/?p=231"},"modified":"2025-06-23T16:33:14","modified_gmt":"2025-06-23T16:33:14","slug":"viajar-por-la-patagonia-en-primavera","status":"publish","type":"post","link":"https:\/\/modenapatagonia.com\/en\/viajar-por-la-patagonia-en-primavera\/","title":{"rendered":"Viajar por la Patagonia en primavera: flores, lagos y caminos despejados"},"content":{"rendered":"<p><strong>La mejor \u00e9poca para recorrer el sur en auto.<\/strong><strong><br><\/strong> La primavera patag\u00f3nica lo transforma todo: los lagos recuperan su color esmeralda, los caminos de monta\u00f1a se abren tras el invierno y los paisajes florecen con fuerza. Es una temporada ideal para quienes buscan buen clima, menor cantidad de turistas y una experiencia natural inolvidable. Y la mejor forma de vivirlo, claro, es en auto.<\/p>\n\n\n\n<p>En Modena Patagonia te ofrecemos el veh\u00edculo perfecto para salir a explorar. Desde autos compactos para escapadas hasta SUVs para rutas m\u00e1s exigentes. Reserv\u00e1 tu viaje de primavera con total libertad.<\/p>\n\n\n\n<hr class=\"wp-block-separator has-alpha-channel-opacity\"\/>\n\n\n\n<h2 class=\"wp-block-heading\"><strong>Rutas y paisajes imperdibles en primavera<\/strong><\/h2>\n\n\n\n<p>Con el deshielo y el aumento de las temperaturas, la primavera permite recorrer caminos que en invierno permanecen cerrados. Adem\u00e1s, el verde de los bosques y la floraci\u00f3n de especies nativas como el notro, el amancay o la mutisia le dan un aire nuevo a los destinos cl\u00e1sicos.<\/p>\n\n\n\n<p><strong>Bariloche<\/strong> es un excelente punto de partida: pod\u00e9s hacer el Circuito Chico, visitar el Lago Guti\u00e9rrez, subir al Cerro Otto o escaparte a Colonia Suiza. Si busc\u00e1s un recorrido m\u00e1s amplio, la <strong>Ruta de los 7 Lagos<\/strong> entre Villa La Angostura y San Mart\u00edn de los Andes es un cl\u00e1sico que en primavera se muestra menos transitado y con sus lagos en su m\u00e1ximo esplendor.<\/p>\n\n\n\n<p>In <strong>Mendoza<\/strong>, la regi\u00f3n del Valle de Uco y la zona de San Rafael combinan bodegas abiertas, vi\u00f1edos verdes y temperaturas ideales para hacer caminatas o ciclismo. Incluso, si plane\u00e1s cruzar a Chile, la primavera es un excelente momento para hacerlo sin complicaciones clim\u00e1ticas.<\/p>\n\n\n\n<hr class=\"wp-block-separator has-alpha-channel-opacity\"\/>\n\n\n\n<h2 class=\"wp-block-heading\"><strong>\u00bfQu\u00e9 auto elegir para viajar en primavera?<\/strong><\/h2>\n\n\n\n<p>La primavera permite usar casi toda la gama de veh\u00edculos con comodidad, salvo casos puntuales de alta monta\u00f1a donde puede haber algo de nieve tard\u00eda.<\/p>\n\n\n\n<ul class=\"wp-block-list\">\n<li><strong>Econ\u00f3micos y compactos:<\/strong> ideales para parejas o grupos peque\u00f1os que recorren tramos asfaltados. Bajo consumo y buena maniobrabilidad en ciudad y ruta.<br><\/li>\n\n\n\n<li><strong>SUV 4&#215;2:<\/strong> perfectas para rutas mixtas como el Circuito Chico o la Ruta de los 7 Lagos. Ofrecen mayor altura y confort sin gastar de m\u00e1s.<br><\/li>\n\n\n\n<li><strong>SUV 4&#215;4 o pickups:<\/strong> recomendadas si plane\u00e1s explorar caminos de ripio, estancias alejadas o zonas donde a\u00fan puede haber barro o restos de nieve.<br><\/li>\n<\/ul>\n\n\n\n<p>En Modena Patagonia, todos los autos est\u00e1n en \u00f3ptimas condiciones, incluyen seguro, asistencia en ruta 24\/7 y posibilidad de sumar GPS, porta equipaje o sillas para ni\u00f1os.<\/p>\n\n\n\n<hr class=\"wp-block-separator has-alpha-channel-opacity\"\/>\n\n\n\n<h2 class=\"wp-block-heading\"><strong>Consejos para aprovechar la primavera al m\u00e1ximo<\/strong><\/h2>\n\n\n\n<ul class=\"wp-block-list\">\n<li><strong>Reserv\u00e1 con anticipaci\u00f3n:<\/strong> aunque no es temporada alta, los precios son m\u00e1s accesibles y hay buena disponibilidad.<br><\/li>\n\n\n\n<li><strong>Vestite en capas:<\/strong> las temperaturas pueden variar mucho entre la ma\u00f1ana y la tarde.<br><\/li>\n\n\n\n<li><strong>Revis\u00e1 el estado de rutas de monta\u00f1a<\/strong>, especialmente si quer\u00e9s hacer tramos como Paso C\u00f3rdoba o el acceso a Lago Traful.<br><\/li>\n\n\n\n<li><strong>Llev\u00e1 repelente y protector solar<\/strong>, sobre todo en zonas con vegetaci\u00f3n densa o lagos.<br><\/li>\n\n\n\n<li><strong>Carg\u00e1 combustible antes de salir de los centros urbanos:<\/strong> las distancias en Patagonia son grandes y hay menos estaciones intermedias.<br><\/li>\n<\/ul>\n\n\n\n<hr class=\"wp-block-separator has-alpha-channel-opacity\"\/>\n\n\n\n<h2 class=\"wp-block-heading\"><strong>Explor\u00e1 la primavera con Modena Patagonia<\/strong><\/h2>\n\n\n\n<p>Viajar por la Patagonia en primavera es una experiencia distinta: m\u00e1s verde, m\u00e1s libre y sin las multitudes del verano. Alquilar un auto te da la posibilidad de descubrir paisajes nuevos cada d\u00eda y adaptar tu itinerario a tu ritmo.<\/p>\n\n\n\n<p>In <strong>Modena Patagonia<\/strong>, te damos la seguridad y la flexibilidad para que disfrutes cada kil\u00f3metro. Reserv\u00e1 tu auto online, acced\u00e9 a un <strong>10% de descuento exclusivo<\/strong> y viv\u00ed la primavera con total libertad.<\/p>\n\n\n\n<p><\/p>","protected":false},"excerpt":{"rendered":"<p>La mejor \u00e9poca para recorrer el sur en auto.<br \/>\n La primavera patag\u00f3nica lo transforma todo: los lagos recuperan su color esmeralda, los caminos de monta\u00f1a se abren tras el invierno y los paisajes florecen con fuerza. Es una temporada ideal para quienes buscan buen clima, menor cantidad de turistas y una experiencia natural inolvidable. Y la mejor forma de vivirlo, claro, es en auto.<\/p>","protected":false},"author":1,"featured_media":834,"comment_status":"closed","ping_status":"closed","sticky":false,"template":"","format":"standard","meta":{"footnotes":""},"categories":[1],"tags":[],"class_list":["post-231","post","type-post","status-publish","format-standard","has-post-thumbnail","hentry","category-uncategorized"],"yoast_head":"<!-- This site is optimized with the Yoast SEO plugin v26.4 - https:\/\/yoast.com\/wordpress\/plugins\/seo\/ -->\n<title>Viajar por la Patagonia en primavera: flores, lagos y caminos despejados - Modena Patagonia<\/title>\n<meta name=\"robots\" content=\"index, follow, max-snippet:-1, max-image-preview:large, max-video-preview:-1\" \/>\n<link rel=\"canonical\" href=\"https:\/\/modenapatagonia.com\/en\/viajar-por-la-patagonia-en-primavera\/\" \/>\n<meta property=\"og:locale\" content=\"en_US\" \/>\n<meta property=\"og:type\" content=\"article\" \/>\n<meta property=\"og:title\" content=\"Viajar por la Patagonia en primavera: flores, lagos y caminos despejados - Modena Patagonia\" \/>\n<meta property=\"og:description\" content=\"La mejor \u00e9poca para recorrer el sur en auto. La primavera patag\u00f3nica lo transforma todo: los lagos recuperan su color esmeralda, los caminos de monta\u00f1a se abren tras el invierno y los paisajes florecen con fuerza. Es una temporada ideal para quienes buscan buen clima, menor cantidad de turistas y una experiencia natural inolvidable. Y la mejor forma de vivirlo, claro, es en auto.\" \/>\n<meta property=\"og:url\" content=\"https:\/\/modenapatagonia.com\/en\/viajar-por-la-patagonia-en-primavera\/\" \/>\n<meta property=\"og:site_name\" content=\"Modena Patagonia\" \/>\n<meta property=\"article:published_time\" content=\"2025-05-15T17:29:09+00:00\" \/>\n<meta property=\"article:modified_time\" content=\"2025-06-23T16:33:14+00:00\" \/>\n<meta property=\"og:image\" content=\"https:\/\/modenapatagonia.com\/wp-content\/uploads\/2025\/05\/11.-Viajar-por-la-Patagonia-en-primavera.webp\" \/>\n\t<meta property=\"og:image:width\" content=\"1920\" \/>\n\t<meta property=\"og:image:height\" content=\"1080\" \/>\n\t<meta property=\"og:image:type\" content=\"image\/webp\" \/>\n<meta name=\"author\" content=\"admin\" \/>\n<meta name=\"twitter:card\" content=\"summary_large_image\" \/>\n<meta name=\"twitter:label1\" content=\"Written by\" \/>\n\t<meta name=\"twitter:data1\" content=\"admin\" \/>\n\t<meta name=\"twitter:label2\" content=\"Est. reading time\" \/>\n\t<meta name=\"twitter:data2\" content=\"3 minutes\" \/>\n<script type=\"application\/ld+json\" class=\"yoast-schema-graph\">{\"@context\":\"https:\/\/schema.org\",\"@graph\":[{\"@type\":\"Article\",\"@id\":\"https:\/\/modenapatagonia.com\/viajar-por-la-patagonia-en-primavera\/#article\",\"isPartOf\":{\"@id\":\"https:\/\/modenapatagonia.com\/viajar-por-la-patagonia-en-primavera\/\"},\"author\":{\"name\":\"admin\",\"@id\":\"https:\/\/modenapatagonia.com\/es\/home\/#\/schema\/person\/43e0b894ddf4f471456fe9513fb6c544\"},\"headline\":\"Viajar por la Patagonia en primavera: flores, lagos y caminos despejados\",\"datePublished\":\"2025-05-15T17:29:09+00:00\",\"dateModified\":\"2025-06-23T16:33:14+00:00\",\"mainEntityOfPage\":{\"@id\":\"https:\/\/modenapatagonia.com\/viajar-por-la-patagonia-en-primavera\/\"},\"wordCount\":608,\"publisher\":{\"@id\":\"https:\/\/modenapatagonia.com\/es\/home\/#organization\"},\"image\":{\"@id\":\"https:\/\/modenapatagonia.com\/viajar-por-la-patagonia-en-primavera\/#primaryimage\"},\"thumbnailUrl\":\"https:\/\/modenapatagonia.com\/wp-content\/uploads\/2025\/05\/11.-Viajar-por-la-Patagonia-en-primavera.webp\",\"inLanguage\":\"en-US\"},{\"@type\":\"WebPage\",\"@id\":\"https:\/\/modenapatagonia.com\/viajar-por-la-patagonia-en-primavera\/\",\"url\":\"https:\/\/modenapatagonia.com\/viajar-por-la-patagonia-en-primavera\/\",\"name\":\"Viajar por la Patagonia en primavera: flores, lagos y caminos despejados - Modena Patagonia\",\"isPartOf\":{\"@id\":\"https:\/\/modenapatagonia.com\/es\/home\/#website\"},\"primaryImageOfPage\":{\"@id\":\"https:\/\/modenapatagonia.com\/viajar-por-la-patagonia-en-primavera\/#primaryimage\"},\"image\":{\"@id\":\"https:\/\/modenapatagonia.com\/viajar-por-la-patagonia-en-primavera\/#primaryimage\"},\"thumbnailUrl\":\"https:\/\/modenapatagonia.com\/wp-content\/uploads\/2025\/05\/11.-Viajar-por-la-Patagonia-en-primavera.webp\",\"datePublished\":\"2025-05-15T17:29:09+00:00\",\"dateModified\":\"2025-06-23T16:33:14+00:00\",\"breadcrumb\":{\"@id\":\"https:\/\/modenapatagonia.com\/viajar-por-la-patagonia-en-primavera\/#breadcrumb\"},\"inLanguage\":\"en-US\",\"potentialAction\":[{\"@type\":\"ReadAction\",\"target\":[\"https:\/\/modenapatagonia.com\/viajar-por-la-patagonia-en-primavera\/\"]}]},{\"@type\":\"ImageObject\",\"inLanguage\":\"en-US\",\"@id\":\"https:\/\/modenapatagonia.com\/viajar-por-la-patagonia-en-primavera\/#primaryimage\",\"url\":\"https:\/\/modenapatagonia.com\/wp-content\/uploads\/2025\/05\/11.-Viajar-por-la-Patagonia-en-primavera.webp\",\"contentUrl\":\"https:\/\/modenapatagonia.com\/wp-content\/uploads\/2025\/05\/11.-Viajar-por-la-Patagonia-en-primavera.webp\",\"width\":1920,\"height\":1080},{\"@type\":\"BreadcrumbList\",\"@id\":\"https:\/\/modenapatagonia.com\/viajar-por-la-patagonia-en-primavera\/#breadcrumb\",\"itemListElement\":[{\"@type\":\"ListItem\",\"position\":1,\"name\":\"Inicio\",\"item\":\"https:\/\/modenapatagonia.com\/\"},{\"@type\":\"ListItem\",\"position\":2,\"name\":\"Viajar por la Patagonia en primavera: flores, lagos y caminos despejados\"}]},{\"@type\":\"WebSite\",\"@id\":\"https:\/\/modenapatagonia.com\/es\/home\/#website\",\"url\":\"https:\/\/modenapatagonia.com\/es\/home\/\",\"name\":\"Modena Patagonia\",\"description\":\"Somos tu mejor opci\u00f3n para alquilar autos en San Carlos de Bariloche y la Patagonia Argentina.\",\"publisher\":{\"@id\":\"https:\/\/modenapatagonia.com\/es\/home\/#organization\"},\"potentialAction\":[{\"@type\":\"SearchAction\",\"target\":{\"@type\":\"EntryPoint\",\"urlTemplate\":\"https:\/\/modenapatagonia.com\/es\/home\/?s={search_term_string}\"},\"query-input\":{\"@type\":\"PropertyValueSpecification\",\"valueRequired\":true,\"valueName\":\"search_term_string\"}}],\"inLanguage\":\"en-US\"},{\"@type\":\"Organization\",\"@id\":\"https:\/\/modenapatagonia.com\/es\/home\/#organization\",\"name\":\"Modena Patagonia\",\"url\":\"https:\/\/modenapatagonia.com\/es\/home\/\",\"logo\":{\"@type\":\"ImageObject\",\"inLanguage\":\"en-US\",\"@id\":\"https:\/\/modenapatagonia.com\/es\/home\/#\/schema\/logo\/image\/\",\"url\":\"https:\/\/modenapatagonia.com\/wp-content\/uploads\/2025\/04\/Modenalogo.png\",\"contentUrl\":\"https:\/\/modenapatagonia.com\/wp-content\/uploads\/2025\/04\/Modenalogo.png\",\"width\":170,\"height\":57,\"caption\":\"Modena Patagonia\"},\"image\":{\"@id\":\"https:\/\/modenapatagonia.com\/es\/home\/#\/schema\/logo\/image\/\"}},{\"@type\":\"Person\",\"@id\":\"https:\/\/modenapatagonia.com\/es\/home\/#\/schema\/person\/43e0b894ddf4f471456fe9513fb6c544\",\"name\":\"admin\",\"sameAs\":[\"https:\/\/modenapatagonia.com\"],\"url\":\"https:\/\/modenapatagonia.com\/en\/author\/nelsonsoriano_0jdahkk0\/\"}]}<\/script>\n<!-- \/ Yoast SEO plugin. -->","yoast_head_json":{"title":"Viajar por la Patagonia en primavera: flores, lagos y caminos despejados - Modena Patagonia","robots":{"index":"index","follow":"follow","max-snippet":"max-snippet:-1","max-image-preview":"max-image-preview:large","max-video-preview":"max-video-preview:-1"},"canonical":"https:\/\/modenapatagonia.com\/en\/viajar-por-la-patagonia-en-primavera\/","og_locale":"en_US","og_type":"article","og_title":"Viajar por la Patagonia en primavera: flores, lagos y caminos despejados - Modena Patagonia","og_description":"La mejor \u00e9poca para recorrer el sur en auto. La primavera patag\u00f3nica lo transforma todo: los lagos recuperan su color esmeralda, los caminos de monta\u00f1a se abren tras el invierno y los paisajes florecen con fuerza. Es una temporada ideal para quienes buscan buen clima, menor cantidad de turistas y una experiencia natural inolvidable. Y la mejor forma de vivirlo, claro, es en auto.","og_url":"https:\/\/modenapatagonia.com\/en\/viajar-por-la-patagonia-en-primavera\/","og_site_name":"Modena Patagonia","article_published_time":"2025-05-15T17:29:09+00:00","article_modified_time":"2025-06-23T16:33:14+00:00","og_image":[{"width":1920,"height":1080,"url":"https:\/\/modenapatagonia.com\/wp-content\/uploads\/2025\/05\/11.-Viajar-por-la-Patagonia-en-primavera.webp","type":"image\/webp"}],"author":"admin","twitter_card":"summary_large_image","twitter_misc":{"Written by":"admin","Est. reading time":"3 minutes"},"schema":{"@context":"https:\/\/schema.org","@graph":[{"@type":"Article","@id":"https:\/\/modenapatagonia.com\/viajar-por-la-patagonia-en-primavera\/#article","isPartOf":{"@id":"https:\/\/modenapatagonia.com\/viajar-por-la-patagonia-en-primavera\/"},"author":{"name":"admin","@id":"https:\/\/modenapatagonia.com\/es\/home\/#\/schema\/person\/43e0b894ddf4f471456fe9513fb6c544"},"headline":"Viajar por la Patagonia en primavera: flores, lagos y caminos despejados","datePublished":"2025-05-15T17:29:09+00:00","dateModified":"2025-06-23T16:33:14+00:00","mainEntityOfPage":{"@id":"https:\/\/modenapatagonia.com\/viajar-por-la-patagonia-en-primavera\/"},"wordCount":608,"publisher":{"@id":"https:\/\/modenapatagonia.com\/es\/home\/#organization"},"image":{"@id":"https:\/\/modenapatagonia.com\/viajar-por-la-patagonia-en-primavera\/#primaryimage"},"thumbnailUrl":"https:\/\/modenapatagonia.com\/wp-content\/uploads\/2025\/05\/11.-Viajar-por-la-Patagonia-en-primavera.webp","inLanguage":"en-US"},{"@type":"WebPage","@id":"https:\/\/modenapatagonia.com\/viajar-por-la-patagonia-en-primavera\/","url":"https:\/\/modenapatagonia.com\/viajar-por-la-patagonia-en-primavera\/","name":"Viajar por la Patagonia en primavera: flores, lagos y caminos despejados - Modena Patagonia","isPartOf":{"@id":"https:\/\/modenapatagonia.com\/es\/home\/#website"},"primaryImageOfPage":{"@id":"https:\/\/modenapatagonia.com\/viajar-por-la-patagonia-en-primavera\/#primaryimage"},"image":{"@id":"https:\/\/modenapatagonia.com\/viajar-por-la-patagonia-en-primavera\/#primaryimage"},"thumbnailUrl":"https:\/\/modenapatagonia.com\/wp-content\/uploads\/2025\/05\/11.-Viajar-por-la-Patagonia-en-primavera.webp","datePublished":"2025-05-15T17:29:09+00:00","dateModified":"2025-06-23T16:33:14+00:00","breadcrumb":{"@id":"https:\/\/modenapatagonia.com\/viajar-por-la-patagonia-en-primavera\/#breadcrumb"},"inLanguage":"en-US","potentialAction":[{"@type":"ReadAction","target":["https:\/\/modenapatagonia.com\/viajar-por-la-patagonia-en-primavera\/"]}]},{"@type":"ImageObject","inLanguage":"en-US","@id":"https:\/\/modenapatagonia.com\/viajar-por-la-patagonia-en-primavera\/#primaryimage","url":"https:\/\/modenapatagonia.com\/wp-content\/uploads\/2025\/05\/11.-Viajar-por-la-Patagonia-en-primavera.webp","contentUrl":"https:\/\/modenapatagonia.com\/wp-content\/uploads\/2025\/05\/11.-Viajar-por-la-Patagonia-en-primavera.webp","width":1920,"height":1080},{"@type":"BreadcrumbList","@id":"https:\/\/modenapatagonia.com\/viajar-por-la-patagonia-en-primavera\/#breadcrumb","itemListElement":[{"@type":"ListItem","position":1,"name":"Inicio","item":"https:\/\/modenapatagonia.com\/"},{"@type":"ListItem","position":2,"name":"Viajar por la Patagonia en primavera: flores, lagos y caminos despejados"}]},{"@type":"WebSite","@id":"https:\/\/modenapatagonia.com\/es\/home\/#website","url":"https:\/\/modenapatagonia.com\/es\/home\/","name":"Modena Patagonia","description":"Somos tu mejor opci\u00f3n para alquilar autos en San Carlos de Bariloche y la Patagonia Argentina.","publisher":{"@id":"https:\/\/modenapatagonia.com\/es\/home\/#organization"},"potentialAction":[{"@type":"SearchAction","target":{"@type":"EntryPoint","urlTemplate":"https:\/\/modenapatagonia.com\/es\/home\/?s={search_term_string}"},"query-input":{"@type":"PropertyValueSpecification","valueRequired":true,"valueName":"search_term_string"}}],"inLanguage":"en-US"},{"@type":"Organization","@id":"https:\/\/modenapatagonia.com\/es\/home\/#organization","name":"Modena Patagonia","url":"https:\/\/modenapatagonia.com\/es\/home\/","logo":{"@type":"ImageObject","inLanguage":"en-US","@id":"https:\/\/modenapatagonia.com\/es\/home\/#\/schema\/logo\/image\/","url":"https:\/\/modenapatagonia.com\/wp-content\/uploads\/2025\/04\/Modenalogo.png","contentUrl":"https:\/\/modenapatagonia.com\/wp-content\/uploads\/2025\/04\/Modenalogo.png","width":170,"height":57,"caption":"Modena Patagonia"},"image":{"@id":"https:\/\/modenapatagonia.com\/es\/home\/#\/schema\/logo\/image\/"}},{"@type":"Person","@id":"https:\/\/modenapatagonia.com\/es\/home\/#\/schema\/person\/43e0b894ddf4f471456fe9513fb6c544","name":"admin","sameAs":["https:\/\/modenapatagonia.com"],"url":"https:\/\/modenapatagonia.com\/en\/author\/nelsonsoriano_0jdahkk0\/"}]}},"_links":{"self":[{"href":"https:\/\/modenapatagonia.com\/en\/wp-json\/wp\/v2\/posts\/231","targetHints":{"allow":["GET"]}}],"collection":[{"href":"https:\/\/modenapatagonia.com\/en\/wp-json\/wp\/v2\/posts"}],"about":[{"href":"https:\/\/modenapatagonia.com\/en\/wp-json\/wp\/v2\/types\/post"}],"author":[{"embeddable":true,"href":"https:\/\/modenapatagonia.com\/en\/wp-json\/wp\/v2\/users\/1"}],"replies":[{"embeddable":true,"href":"https:\/\/modenapatagonia.com\/en\/wp-json\/wp\/v2\/comments?post=231"}],"version-history":[{"count":2,"href":"https:\/\/modenapatagonia.com\/en\/wp-json\/wp\/v2\/posts\/231\/revisions"}],"predecessor-version":[{"id":1696,"href":"https:\/\/modenapatagonia.com\/en\/wp-json\/wp\/v2\/posts\/231\/revisions\/1696"}],"wp:featuredmedia":[{"embeddable":true,"href":"https:\/\/modenapatagonia.com\/en\/wp-json\/wp\/v2\/media\/834"}],"wp:attachment":[{"href":"https:\/\/modenapatagonia.com\/en\/wp-json\/wp\/v2\/media?parent=231"}],"wp:term":[{"taxonomy":"category","embeddable":true,"href":"https:\/\/modenapatagonia.com\/en\/wp-json\/wp\/v2\/categories?post=231"},{"taxonomy":"post_tag","embeddable":true,"href":"https:\/\/modenapatagonia.com\/en\/wp-json\/wp\/v2\/tags?post=231"}],"curies":[{"name":"wp","href":"https:\/\/api.w.org\/{rel}","templated":true}]}}