{"id":240,"date":"2025-05-15T18:06:27","date_gmt":"2025-05-15T18:06:27","guid":{"rendered":"https:\/\/karobrand.com\/?p=240"},"modified":"2025-06-23T16:32:24","modified_gmt":"2025-06-23T16:32:24","slug":"minivan-en-la-patagonia","status":"publish","type":"post","link":"https:\/\/modenapatagonia.com\/en\/minivan-en-la-patagonia\/","title":{"rendered":"Minivan en la Patagonia: Comodidad total para viajar en familia o grupo"},"content":{"rendered":"<p><strong>Cuando el espacio y el confort son prioridad.<\/strong><strong><br><\/strong> Viajar por la Patagonia en grupo, con chicos o con mucho equipaje requiere un veh\u00edculo amplio, c\u00f3modo y confiable. Las <strong>minivans 7 asientos<\/strong> son ideales para familias numerosas, grupos de amigos o quienes quieren llevar todo lo necesario sin preocuparse por el espacio. Perfectas para escapadas largas, vacaciones escolares o traves\u00edas con m\u00faltiples paradas.<\/p>\n\n\n\n<p>En Modena Patagonia tenemos modelos de minivan manuales y autom\u00e1ticas, con ba\u00fal generoso y distribuci\u00f3n interna adaptable.<\/p>\n\n\n\n<hr class=\"wp-block-separator has-alpha-channel-opacity\"\/>\n\n\n\n<h2 class=\"wp-block-heading\"><strong>Ruta recomendada: de San Rafael a Valle Grande y el Ca\u00f1\u00f3n del Atuel<\/strong><\/h2>\n\n\n\n<p>Una excelente opci\u00f3n para disfrutar en grupo es recorrer el sur de Mendoza con base en <strong>San Rafael<\/strong>. Desde all\u00ed, pod\u00e9s visitar en auto el Ca\u00f1\u00f3n del Atuel, hacer rafting, caminar entre formaciones rocosas o navegar en catamar\u00e1n en el Embalse Valle Grande. Tambi\u00e9n es una regi\u00f3n con caba\u00f1as amplias, camping, bodegas y paradores para almuerzos familiares.<\/p>\n\n\n\n<p>Con una minivan pod\u00e9s llevar todo lo que necesit\u00e1s: heladerita, conservadora, mochilas, juguetes, equipamiento de camping o incluso bicicletas si sum\u00e1s portabici.<\/p>\n\n\n\n<hr class=\"wp-block-separator has-alpha-channel-opacity\"\/>\n\n\n\n<h2 class=\"wp-block-heading\"><strong>\u00bfPor qu\u00e9 elegir una minivan para tu viaje?<\/strong><\/h2>\n\n\n\n<ul class=\"wp-block-list\">\n<li><strong>Capacidad para hasta 7 pasajeros con confort.<\/strong><strong><br><\/strong><\/li>\n\n\n\n<li><strong>Ideal para trayectos largos o con muchas paradas.<\/strong><strong><br><\/strong><\/li>\n\n\n\n<li><strong>Puertas amplias y asientos plegables<\/strong> para adaptar espacio seg\u00fan necesidades.<br><\/li>\n\n\n\n<li><strong>Conducci\u00f3n suave<\/strong> tanto en ciudad como en ruta.<br><\/li>\n\n\n\n<li><strong>Conectividad y climatizaci\u00f3n<\/strong>, claves para viajar con chicos.<br><\/li>\n<\/ul>\n\n\n\n<p>Las minivans son ideales para viajes tranquilos, familiares y con itinerarios amplios. Perfectas para quienes priorizan el confort en cada kil\u00f3metro.<\/p>\n\n\n\n<hr class=\"wp-block-separator has-alpha-channel-opacity\"\/>\n\n\n\n<h2 class=\"wp-block-heading\"><strong>Viaj\u00e1 en grupo con Modena Patagonia<\/strong><\/h2>\n\n\n\n<p>Ya sea para recorrer San Rafael, Bariloche o la Ruta 40 en familia, en Modena Patagonia te ofrecemos minivans equipadas, con seguros, asistencia en ruta y adicionales como GPS, sillas infantiles y porta equipaje.<\/p>\n\n\n\n<p>Reserv\u00e1 online y obten\u00e9 un <strong>10% de descuento exclusivo<\/strong>. Tu aventura familiar empieza con un veh\u00edculo c\u00f3modo, seguro y confiable.<\/p>","protected":false},"excerpt":{"rendered":"<p>Cuando el espacio y el confort son prioridad.<br \/>\n Viajar por la Patagonia en grupo, con chicos o con mucho equipaje requiere un veh\u00edculo amplio, c\u00f3modo y confiable. Las minivans 7 asientos son ideales para familias numerosas, grupos de amigos o quienes quieren llevar todo lo necesario sin preocuparse por el espacio. Perfectas para escapadas largas, vacaciones escolares o traves\u00edas con m\u00faltiples paradas.<\/p>","protected":false},"author":1,"featured_media":837,"comment_status":"closed","ping_status":"closed","sticky":false,"template":"","format":"standard","meta":{"footnotes":""},"categories":[8,1],"tags":[],"class_list":["post-240","post","type-post","status-publish","format-standard","has-post-thumbnail","hentry","category-patagonia","category-uncategorized"],"yoast_head":"<!-- This site is optimized with the Yoast SEO plugin v26.4 - https:\/\/yoast.com\/wordpress\/plugins\/seo\/ -->\n<title>Minivan en la Patagonia: Comodidad total para viajar en familia o grupo - Modena Patagonia<\/title>\n<meta name=\"robots\" content=\"index, follow, max-snippet:-1, max-image-preview:large, max-video-preview:-1\" \/>\n<link rel=\"canonical\" href=\"https:\/\/modenapatagonia.com\/en\/minivan-en-la-patagonia\/\" \/>\n<meta property=\"og:locale\" content=\"en_US\" \/>\n<meta property=\"og:type\" content=\"article\" \/>\n<meta property=\"og:title\" content=\"Minivan en la Patagonia: Comodidad total para viajar en familia o grupo - Modena Patagonia\" \/>\n<meta property=\"og:description\" content=\"Cuando el espacio y el confort son prioridad. Viajar por la Patagonia en grupo, con chicos o con mucho equipaje requiere un veh\u00edculo amplio, c\u00f3modo y confiable. Las minivans 7 asientos son ideales para familias numerosas, grupos de amigos o quienes quieren llevar todo lo necesario sin preocuparse por el espacio. Perfectas para escapadas largas, vacaciones escolares o traves\u00edas con m\u00faltiples paradas.\" \/>\n<meta property=\"og:url\" content=\"https:\/\/modenapatagonia.com\/en\/minivan-en-la-patagonia\/\" \/>\n<meta property=\"og:site_name\" content=\"Modena Patagonia\" \/>\n<meta property=\"article:published_time\" content=\"2025-05-15T18:06:27+00:00\" \/>\n<meta property=\"article:modified_time\" content=\"2025-06-23T16:32:24+00:00\" \/>\n<meta property=\"og:image\" content=\"https:\/\/modenapatagonia.com\/wp-content\/uploads\/2025\/05\/14.-Minivan-en-la-Patagonia.webp\" \/>\n\t<meta property=\"og:image:width\" content=\"1920\" \/>\n\t<meta property=\"og:image:height\" content=\"1080\" \/>\n\t<meta property=\"og:image:type\" content=\"image\/webp\" \/>\n<meta name=\"author\" content=\"admin\" \/>\n<meta name=\"twitter:card\" content=\"summary_large_image\" \/>\n<meta name=\"twitter:label1\" content=\"Written by\" \/>\n\t<meta name=\"twitter:data1\" content=\"admin\" \/>\n\t<meta name=\"twitter:label2\" content=\"Est. reading time\" \/>\n\t<meta name=\"twitter:data2\" content=\"2 minutes\" \/>\n<script type=\"application\/ld+json\" class=\"yoast-schema-graph\">{\"@context\":\"https:\/\/schema.org\",\"@graph\":[{\"@type\":\"Article\",\"@id\":\"https:\/\/modenapatagonia.com\/minivan-en-la-patagonia\/#article\",\"isPartOf\":{\"@id\":\"https:\/\/modenapatagonia.com\/minivan-en-la-patagonia\/\"},\"author\":{\"name\":\"admin\",\"@id\":\"https:\/\/modenapatagonia.com\/es\/home\/#\/schema\/person\/43e0b894ddf4f471456fe9513fb6c544\"},\"headline\":\"Minivan en la Patagonia: Comodidad total para viajar en familia o grupo\",\"datePublished\":\"2025-05-15T18:06:27+00:00\",\"dateModified\":\"2025-06-23T16:32:24+00:00\",\"mainEntityOfPage\":{\"@id\":\"https:\/\/modenapatagonia.com\/minivan-en-la-patagonia\/\"},\"wordCount\":333,\"publisher\":{\"@id\":\"https:\/\/modenapatagonia.com\/es\/home\/#organization\"},\"image\":{\"@id\":\"https:\/\/modenapatagonia.com\/minivan-en-la-patagonia\/#primaryimage\"},\"thumbnailUrl\":\"https:\/\/modenapatagonia.com\/wp-content\/uploads\/2025\/05\/14.-Minivan-en-la-Patagonia.webp\",\"articleSection\":[\"Patagonia\"],\"inLanguage\":\"en-US\"},{\"@type\":\"WebPage\",\"@id\":\"https:\/\/modenapatagonia.com\/minivan-en-la-patagonia\/\",\"url\":\"https:\/\/modenapatagonia.com\/minivan-en-la-patagonia\/\",\"name\":\"Minivan en la Patagonia: Comodidad total para viajar en familia o grupo - Modena Patagonia\",\"isPartOf\":{\"@id\":\"https:\/\/modenapatagonia.com\/es\/home\/#website\"},\"primaryImageOfPage\":{\"@id\":\"https:\/\/modenapatagonia.com\/minivan-en-la-patagonia\/#primaryimage\"},\"image\":{\"@id\":\"https:\/\/modenapatagonia.com\/minivan-en-la-patagonia\/#primaryimage\"},\"thumbnailUrl\":\"https:\/\/modenapatagonia.com\/wp-content\/uploads\/2025\/05\/14.-Minivan-en-la-Patagonia.webp\",\"datePublished\":\"2025-05-15T18:06:27+00:00\",\"dateModified\":\"2025-06-23T16:32:24+00:00\",\"breadcrumb\":{\"@id\":\"https:\/\/modenapatagonia.com\/minivan-en-la-patagonia\/#breadcrumb\"},\"inLanguage\":\"en-US\",\"potentialAction\":[{\"@type\":\"ReadAction\",\"target\":[\"https:\/\/modenapatagonia.com\/minivan-en-la-patagonia\/\"]}]},{\"@type\":\"ImageObject\",\"inLanguage\":\"en-US\",\"@id\":\"https:\/\/modenapatagonia.com\/minivan-en-la-patagonia\/#primaryimage\",\"url\":\"https:\/\/modenapatagonia.com\/wp-content\/uploads\/2025\/05\/14.-Minivan-en-la-Patagonia.webp\",\"contentUrl\":\"https:\/\/modenapatagonia.com\/wp-content\/uploads\/2025\/05\/14.-Minivan-en-la-Patagonia.webp\",\"width\":1920,\"height\":1080},{\"@type\":\"BreadcrumbList\",\"@id\":\"https:\/\/modenapatagonia.com\/minivan-en-la-patagonia\/#breadcrumb\",\"itemListElement\":[{\"@type\":\"ListItem\",\"position\":1,\"name\":\"Inicio\",\"item\":\"https:\/\/modenapatagonia.com\/\"},{\"@type\":\"ListItem\",\"position\":2,\"name\":\"Minivan en la Patagonia: Comodidad total para viajar en familia o grupo\"}]},{\"@type\":\"WebSite\",\"@id\":\"https:\/\/modenapatagonia.com\/es\/home\/#website\",\"url\":\"https:\/\/modenapatagonia.com\/es\/home\/\",\"name\":\"Modena Patagonia\",\"description\":\"Somos tu mejor opci\u00f3n para alquilar autos en San Carlos de Bariloche y la Patagonia Argentina.\",\"publisher\":{\"@id\":\"https:\/\/modenapatagonia.com\/es\/home\/#organization\"},\"potentialAction\":[{\"@type\":\"SearchAction\",\"target\":{\"@type\":\"EntryPoint\",\"urlTemplate\":\"https:\/\/modenapatagonia.com\/es\/home\/?s={search_term_string}\"},\"query-input\":{\"@type\":\"PropertyValueSpecification\",\"valueRequired\":true,\"valueName\":\"search_term_string\"}}],\"inLanguage\":\"en-US\"},{\"@type\":\"Organization\",\"@id\":\"https:\/\/modenapatagonia.com\/es\/home\/#organization\",\"name\":\"Modena Patagonia\",\"url\":\"https:\/\/modenapatagonia.com\/es\/home\/\",\"logo\":{\"@type\":\"ImageObject\",\"inLanguage\":\"en-US\",\"@id\":\"https:\/\/modenapatagonia.com\/es\/home\/#\/schema\/logo\/image\/\",\"url\":\"https:\/\/modenapatagonia.com\/wp-content\/uploads\/2025\/04\/Modenalogo.png\",\"contentUrl\":\"https:\/\/modenapatagonia.com\/wp-content\/uploads\/2025\/04\/Modenalogo.png\",\"width\":170,\"height\":57,\"caption\":\"Modena Patagonia\"},\"image\":{\"@id\":\"https:\/\/modenapatagonia.com\/es\/home\/#\/schema\/logo\/image\/\"}},{\"@type\":\"Person\",\"@id\":\"https:\/\/modenapatagonia.com\/es\/home\/#\/schema\/person\/43e0b894ddf4f471456fe9513fb6c544\",\"name\":\"admin\",\"sameAs\":[\"https:\/\/modenapatagonia.com\"],\"url\":\"https:\/\/modenapatagonia.com\/en\/author\/nelsonsoriano_0jdahkk0\/\"}]}<\/script>\n<!-- \/ Yoast SEO plugin. -->","yoast_head_json":{"title":"Minivan en la Patagonia: Comodidad total para viajar en familia o grupo - Modena Patagonia","robots":{"index":"index","follow":"follow","max-snippet":"max-snippet:-1","max-image-preview":"max-image-preview:large","max-video-preview":"max-video-preview:-1"},"canonical":"https:\/\/modenapatagonia.com\/en\/minivan-en-la-patagonia\/","og_locale":"en_US","og_type":"article","og_title":"Minivan en la Patagonia: Comodidad total para viajar en familia o grupo - Modena Patagonia","og_description":"Cuando el espacio y el confort son prioridad. Viajar por la Patagonia en grupo, con chicos o con mucho equipaje requiere un veh\u00edculo amplio, c\u00f3modo y confiable. Las minivans 7 asientos son ideales para familias numerosas, grupos de amigos o quienes quieren llevar todo lo necesario sin preocuparse por el espacio. Perfectas para escapadas largas, vacaciones escolares o traves\u00edas con m\u00faltiples paradas.","og_url":"https:\/\/modenapatagonia.com\/en\/minivan-en-la-patagonia\/","og_site_name":"Modena Patagonia","article_published_time":"2025-05-15T18:06:27+00:00","article_modified_time":"2025-06-23T16:32:24+00:00","og_image":[{"width":1920,"height":1080,"url":"https:\/\/modenapatagonia.com\/wp-content\/uploads\/2025\/05\/14.-Minivan-en-la-Patagonia.webp","type":"image\/webp"}],"author":"admin","twitter_card":"summary_large_image","twitter_misc":{"Written by":"admin","Est. reading time":"2 minutes"},"schema":{"@context":"https:\/\/schema.org","@graph":[{"@type":"Article","@id":"https:\/\/modenapatagonia.com\/minivan-en-la-patagonia\/#article","isPartOf":{"@id":"https:\/\/modenapatagonia.com\/minivan-en-la-patagonia\/"},"author":{"name":"admin","@id":"https:\/\/modenapatagonia.com\/es\/home\/#\/schema\/person\/43e0b894ddf4f471456fe9513fb6c544"},"headline":"Minivan en la Patagonia: Comodidad total para viajar en familia o grupo","datePublished":"2025-05-15T18:06:27+00:00","dateModified":"2025-06-23T16:32:24+00:00","mainEntityOfPage":{"@id":"https:\/\/modenapatagonia.com\/minivan-en-la-patagonia\/"},"wordCount":333,"publisher":{"@id":"https:\/\/modenapatagonia.com\/es\/home\/#organization"},"image":{"@id":"https:\/\/modenapatagonia.com\/minivan-en-la-patagonia\/#primaryimage"},"thumbnailUrl":"https:\/\/modenapatagonia.com\/wp-content\/uploads\/2025\/05\/14.-Minivan-en-la-Patagonia.webp","articleSection":["Patagonia"],"inLanguage":"en-US"},{"@type":"WebPage","@id":"https:\/\/modenapatagonia.com\/minivan-en-la-patagonia\/","url":"https:\/\/modenapatagonia.com\/minivan-en-la-patagonia\/","name":"Minivan en la Patagonia: Comodidad total para viajar en familia o grupo - Modena Patagonia","isPartOf":{"@id":"https:\/\/modenapatagonia.com\/es\/home\/#website"},"primaryImageOfPage":{"@id":"https:\/\/modenapatagonia.com\/minivan-en-la-patagonia\/#primaryimage"},"image":{"@id":"https:\/\/modenapatagonia.com\/minivan-en-la-patagonia\/#primaryimage"},"thumbnailUrl":"https:\/\/modenapatagonia.com\/wp-content\/uploads\/2025\/05\/14.-Minivan-en-la-Patagonia.webp","datePublished":"2025-05-15T18:06:27+00:00","dateModified":"2025-06-23T16:32:24+00:00","breadcrumb":{"@id":"https:\/\/modenapatagonia.com\/minivan-en-la-patagonia\/#breadcrumb"},"inLanguage":"en-US","potentialAction":[{"@type":"ReadAction","target":["https:\/\/modenapatagonia.com\/minivan-en-la-patagonia\/"]}]},{"@type":"ImageObject","inLanguage":"en-US","@id":"https:\/\/modenapatagonia.com\/minivan-en-la-patagonia\/#primaryimage","url":"https:\/\/modenapatagonia.com\/wp-content\/uploads\/2025\/05\/14.-Minivan-en-la-Patagonia.webp","contentUrl":"https:\/\/modenapatagonia.com\/wp-content\/uploads\/2025\/05\/14.-Minivan-en-la-Patagonia.webp","width":1920,"height":1080},{"@type":"BreadcrumbList","@id":"https:\/\/modenapatagonia.com\/minivan-en-la-patagonia\/#breadcrumb","itemListElement":[{"@type":"ListItem","position":1,"name":"Inicio","item":"https:\/\/modenapatagonia.com\/"},{"@type":"ListItem","position":2,"name":"Minivan en la Patagonia: Comodidad total para viajar en familia o grupo"}]},{"@type":"WebSite","@id":"https:\/\/modenapatagonia.com\/es\/home\/#website","url":"https:\/\/modenapatagonia.com\/es\/home\/","name":"Modena Patagonia","description":"Somos tu mejor opci\u00f3n para alquilar autos en San Carlos de Bariloche y la Patagonia Argentina.","publisher":{"@id":"https:\/\/modenapatagonia.com\/es\/home\/#organization"},"potentialAction":[{"@type":"SearchAction","target":{"@type":"EntryPoint","urlTemplate":"https:\/\/modenapatagonia.com\/es\/home\/?s={search_term_string}"},"query-input":{"@type":"PropertyValueSpecification","valueRequired":true,"valueName":"search_term_string"}}],"inLanguage":"en-US"},{"@type":"Organization","@id":"https:\/\/modenapatagonia.com\/es\/home\/#organization","name":"Modena Patagonia","url":"https:\/\/modenapatagonia.com\/es\/home\/","logo":{"@type":"ImageObject","inLanguage":"en-US","@id":"https:\/\/modenapatagonia.com\/es\/home\/#\/schema\/logo\/image\/","url":"https:\/\/modenapatagonia.com\/wp-content\/uploads\/2025\/04\/Modenalogo.png","contentUrl":"https:\/\/modenapatagonia.com\/wp-content\/uploads\/2025\/04\/Modenalogo.png","width":170,"height":57,"caption":"Modena Patagonia"},"image":{"@id":"https:\/\/modenapatagonia.com\/es\/home\/#\/schema\/logo\/image\/"}},{"@type":"Person","@id":"https:\/\/modenapatagonia.com\/es\/home\/#\/schema\/person\/43e0b894ddf4f471456fe9513fb6c544","name":"admin","sameAs":["https:\/\/modenapatagonia.com"],"url":"https:\/\/modenapatagonia.com\/en\/author\/nelsonsoriano_0jdahkk0\/"}]}},"_links":{"self":[{"href":"https:\/\/modenapatagonia.com\/en\/wp-json\/wp\/v2\/posts\/240","targetHints":{"allow":["GET"]}}],"collection":[{"href":"https:\/\/modenapatagonia.com\/en\/wp-json\/wp\/v2\/posts"}],"about":[{"href":"https:\/\/modenapatagonia.com\/en\/wp-json\/wp\/v2\/types\/post"}],"author":[{"embeddable":true,"href":"https:\/\/modenapatagonia.com\/en\/wp-json\/wp\/v2\/users\/1"}],"replies":[{"embeddable":true,"href":"https:\/\/modenapatagonia.com\/en\/wp-json\/wp\/v2\/comments?post=240"}],"version-history":[{"count":2,"href":"https:\/\/modenapatagonia.com\/en\/wp-json\/wp\/v2\/posts\/240\/revisions"}],"predecessor-version":[{"id":1693,"href":"https:\/\/modenapatagonia.com\/en\/wp-json\/wp\/v2\/posts\/240\/revisions\/1693"}],"wp:featuredmedia":[{"embeddable":true,"href":"https:\/\/modenapatagonia.com\/en\/wp-json\/wp\/v2\/media\/837"}],"wp:attachment":[{"href":"https:\/\/modenapatagonia.com\/en\/wp-json\/wp\/v2\/media?parent=240"}],"wp:term":[{"taxonomy":"category","embeddable":true,"href":"https:\/\/modenapatagonia.com\/en\/wp-json\/wp\/v2\/categories?post=240"},{"taxonomy":"post_tag","embeddable":true,"href":"https:\/\/modenapatagonia.com\/en\/wp-json\/wp\/v2\/tags?post=240"}],"curies":[{"name":"wp","href":"https:\/\/api.w.org\/{rel}","templated":true}]}}